{"id":7813,"date":"2023-08-25T14:25:50","date_gmt":"2023-08-25T12:25:50","guid":{"rendered":"https:\/\/skadi.de\/?p=7813"},"modified":"2023-08-25T14:34:05","modified_gmt":"2023-08-25T12:34:05","slug":"kunst-mitte_badende_z22-23","status":"publish","type":"post","link":"https:\/\/skadi.de\/en\/kunst-mitte_badende_z22-23\/","title":{"rendered":"Kunst Mitte Magdeburg mit der Galerie Z22 <br> <span style='color:grey;font-size:12px;'>24.-27. August 2023<\/span>"},"content":{"rendered":"<p>Ich freu mich sehr mit der <a href=\"https:\/\/www.galerie-z22.com\/\">Galerie Z22<\/a> vom 24.-27. August auf der <a href=\"https:\/\/kunst-mitte.com\/\">Kunst\/Mitte<\/a>, Messe f\u00fcr zeitgen\u00f6ssische Kunst in Mitteldeutschland 23 mit meinen Badenden (<a href=\"https:\/\/skadi.de\/grafik\/2023-3\/siebdruck-badende\/\">Siebdrucke 2023<\/a>) vertreten zu sein.<\/p>\n<p>mit DIE B\u00d6DEN ZUR KUNST, JINRAN KIM, SASCHA ST\u00dcVEN, JOAX, BALBINA LIGHTOWLER, MAVIIE MAUER, PATRICK SLEPICA, LEAH RUDOLPH, LARS J. FISCHEDICK, TATJANA LEE, PATRICIA PETAPERMAL, REBECCA SANDERS &amp; SILVIO UKAT<\/p>\n<p>&nbsp;<\/p>\n","protected":false},"excerpt":{"rendered":"<p>Ich freu mich sehr mit der Galerie Z22 vom 24.-27. August auf der Kunst\/Mitte, Messe f\u00fcr zeitgen\u00f6ssische Kunst in Mitteldeutschland 23 mit meinen Badenden (Siebdrucke 2023) vertreten zu sein. mit DIE B\u00d6DEN ZUR KUNST, JINRAN KIM, SASCHA ST\u00dcVEN, JOAX, BALBINA LIGHTOWLER, MAVIIE MAUER, PATRICK SLEPICA,&#8230;<\/p>\n","protected":false},"author":7,"featured_media":7818,"comment_status":"open","ping_status":"open","sticky":false,"template":"","format":"standard","meta":{"om_disable_all_campaigns":false,"_monsterinsights_skip_tracking":false,"_uf_show_specific_survey":0,"_uf_disable_surveys":false,"ngg_post_thumbnail":0,"footnotes":""},"categories":[105,416,70,445,431,295],"tags":[275,33],"class_list":["post-7813","post","type-post","status-publish","format-standard","has-post-thumbnail","hentry","category-aktuell","category-ausstellungen-2023","category-austellungen","category-blog","category-newsletter","category-startseite","tag-druckgrafik","tag-gruppenausstellung"],"translation":{"provider":"WPGlobus","version":"3.0.2","language":"en","enabled_languages":["de","en"],"languages":{"de":{"title":true,"content":true,"excerpt":false},"en":{"title":false,"content":false,"excerpt":false}}},"_links":{"self":[{"href":"https:\/\/skadi.de\/en\/wp-json\/wp\/v2\/posts\/7813","targetHints":{"allow":["GET"]}}],"collection":[{"href":"https:\/\/skadi.de\/en\/wp-json\/wp\/v2\/posts"}],"about":[{"href":"https:\/\/skadi.de\/en\/wp-json\/wp\/v2\/types\/post"}],"author":[{"embeddable":true,"href":"https:\/\/skadi.de\/en\/wp-json\/wp\/v2\/users\/7"}],"replies":[{"embeddable":true,"href":"https:\/\/skadi.de\/en\/wp-json\/wp\/v2\/comments?post=7813"}],"version-history":[{"count":3,"href":"https:\/\/skadi.de\/en\/wp-json\/wp\/v2\/posts\/7813\/revisions"}],"predecessor-version":[{"id":7817,"href":"https:\/\/skadi.de\/en\/wp-json\/wp\/v2\/posts\/7813\/revisions\/7817"}],"wp:featuredmedia":[{"embeddable":true,"href":"https:\/\/skadi.de\/en\/wp-json\/wp\/v2\/media\/7818"}],"wp:attachment":[{"href":"https:\/\/skadi.de\/en\/wp-json\/wp\/v2\/media?parent=7813"}],"wp:term":[{"taxonomy":"category","embeddable":true,"href":"https:\/\/skadi.de\/en\/wp-json\/wp\/v2\/categories?post=7813"},{"taxonomy":"post_tag","embeddable":true,"href":"https:\/\/skadi.de\/en\/wp-json\/wp\/v2\/tags?post=7813"}],"curies":[{"name":"wp","href":"https:\/\/api.w.org\/{rel}","templated":true}]}}