{"id":7747,"date":"2023-08-15T17:44:12","date_gmt":"2023-08-15T15:44:12","guid":{"rendered":"https:\/\/skadi.de\/?p=7747"},"modified":"2023-08-16T09:55:26","modified_gmt":"2023-08-16T07:55:26","slug":"malerische-eindruecke-nach-einer-reise-durchs-ebrodelta-spanien-werkvorstellung-i","status":"publish","type":"post","link":"https:\/\/skadi.de\/en\/malerische-eindruecke-nach-einer-reise-durchs-ebrodelta-spanien-werkvorstellung-i\/","title":{"rendered":"Malerische Eindr\u00fccke nach einer Reise durchs Ebrodelta \/Spanien &#8211; Werkvorstellung I"},"content":{"rendered":"<div class=\"wpb-content-wrapper\"><p>[vc_row css_animation=&#8221;&#8221; row_type=&#8221;row&#8221; use_row_as_full_screen_section=&#8221;no&#8221; type=&#8221;full_width&#8221; angled_section=&#8221;no&#8221; text_align=&#8221;left&#8221; background_image_as_pattern=&#8221;without_pattern&#8221;][vc_column][vc_empty_space][vc_column_text]Liebe KunstfreundInnen,<br \/>\nich freue mich sehr \u00fcber einen gerade ver\u00f6ffentlichten umfassenden\u00a0 englischsprachigen Text\u00a0<span style=\"background-color: inherit;\">\u00fcber meine k\u00fcnstlerische Arbeit<br \/>\n<\/span>von Aatonau ein Online-Blog-Magazin f\u00fcr Zeitgen\u00f6ssische Kunst,<\/p>\n<p><a href=\"https:\/\/aatonau.com\/skadi-engeln-landscapes-and-human-perception\/\">https:\/\/aatonau.com\/skadi-engeln-landscapes-and-human-perception\/<\/a><\/p>\n<p>Ich nehme das zum Anlass, Ihnen peu \u00e0 peu meine Werkgruppen in einer Emailreihe vorzustellen und beginne mit<\/p>\n<p><strong>&#8220;Im Ebrodelta&#8221;\u00a0<\/strong>[\/vc_column_text][\/vc_column][\/vc_row][vc_row css_animation=&#8221;&#8221; row_type=&#8221;row&#8221; use_row_as_full_screen_section=&#8221;no&#8221; type=&#8221;full_width&#8221; angled_section=&#8221;no&#8221; text_align=&#8221;left&#8221; background_image_as_pattern=&#8221;without_pattern&#8221; css=&#8221;.vc_custom_1692114388496{padding-top: 30px !important;padding-bottom: 30px !important;}&#8221;][vc_column][vc_single_image image=&#8221;6495&#8243; img_size=&#8221;full&#8221; add_caption=&#8221;yes&#8221; qode_css_animation=&#8221;&#8221;][\/vc_column][\/vc_row][vc_row css_animation=&#8221;&#8221; row_type=&#8221;row&#8221; use_row_as_full_screen_section=&#8221;no&#8221; type=&#8221;full_width&#8221; angled_section=&#8221;no&#8221; text_align=&#8221;left&#8221; background_image_as_pattern=&#8221;without_pattern&#8221;][vc_column][vc_column_text]Auf einer Reise ins Ebrodelta in Spanien 2021 hatte ich Gelegenheit, durch Olivenhaine, Berglandschaften und \u00fcber weitl\u00e4ufige Str\u00e4nde zu spazieren.<br \/>\nEs entstanden u. a. 7 Malereien auf Leinwand und Papier.<br \/>\nAlle vorgestellten Arbeiten sind noch erh\u00e4ltlich, mehr Infos durch Klicken auf die Bilder oder die Titel.[\/vc_column_text][\/vc_column][\/vc_row][vc_row css_animation=&#8221;&#8221; row_type=&#8221;row&#8221; use_row_as_full_screen_section=&#8221;no&#8221; type=&#8221;full_width&#8221; angled_section=&#8221;no&#8221; text_align=&#8221;left&#8221; background_image_as_pattern=&#8221;without_pattern&#8221; css=&#8221;.vc_custom_1692114400929{padding-top: 30px !important;padding-bottom: 30px !important;}&#8221;][vc_column width=&#8221;1\/2&#8243;][vc_single_image image=&#8221;6497&#8243; img_size=&#8221;full&#8221; add_caption=&#8221;yes&#8221; qode_css_animation=&#8221;&#8221;][\/vc_column][vc_column width=&#8221;1\/2&#8243;][vc_single_image image=&#8221;6496&#8243; img_size=&#8221;full&#8221; qode_css_animation=&#8221;&#8221;][\/vc_column][\/vc_row][vc_row css_animation=&#8221;&#8221; row_type=&#8221;row&#8221; use_row_as_full_screen_section=&#8221;no&#8221; type=&#8221;full_width&#8221; angled_section=&#8221;no&#8221; text_align=&#8221;left&#8221; background_image_as_pattern=&#8221;without_pattern&#8221;][vc_column][vc_column_text]Meine Landschafts-Beobachtungen habe ich in dieser Serie vermischt, durcheinandergebracht, \u00fcberlagert, durchwebt. Die so entstandenen Landschaften wirken traumhaft, vielleicht sogar absurd oder surreal.[\/vc_column_text][\/vc_column][\/vc_row][vc_row css_animation=&#8221;&#8221; row_type=&#8221;row&#8221; use_row_as_full_screen_section=&#8221;no&#8221; type=&#8221;full_width&#8221; angled_section=&#8221;no&#8221; text_align=&#8221;left&#8221; background_image_as_pattern=&#8221;without_pattern&#8221;][vc_column width=&#8221;1\/2&#8243;][vc_single_image image=&#8221;6525&#8243; img_size=&#8221;full&#8221; add_caption=&#8221;yes&#8221; qode_css_animation=&#8221;&#8221;][\/vc_column][vc_column width=&#8221;1\/2&#8243;][vc_single_image image=&#8221;6524&#8243; img_size=&#8221;full&#8221; add_caption=&#8221;yes&#8221; qode_css_animation=&#8221;&#8221;][\/vc_column][\/vc_row][vc_row css_animation=&#8221;&#8221; row_type=&#8221;row&#8221; use_row_as_full_screen_section=&#8221;no&#8221; type=&#8221;full_width&#8221; angled_section=&#8221;no&#8221; text_align=&#8221;left&#8221; background_image_as_pattern=&#8221;without_pattern&#8221;][vc_column][vc_column_text]<\/p>\n<p>In meiner fortlaufenden Malart \u201cdurchwebte Landschaft\u201d oder \u201cSt\u00f6rbilder\u201d erscheinen die Landschaften verdeckt durch einen Vorhang, einen Schleier, Linien oder Streifen, Durchwebungen, die einerseits auf unsere zeitgen\u00f6ssische Wahrnehmung der Welt durch die modernen Medien und ihre Fehlerhaftigkeit anspielen, aber auch auf das Einwirken des Menschen selbst. Mehr in meinem Text \u00fcber meine Arbeit von 2014 <a href=\"https:\/\/wordpress.p126162.webspaceconfig.de\/kurzes-artist-statement-2018-2-2\/\">hier<\/a>.<\/p>\n<p>[\/vc_column_text][\/vc_column][\/vc_row][vc_row css_animation=&#8221;&#8221; row_type=&#8221;row&#8221; use_row_as_full_screen_section=&#8221;no&#8221; type=&#8221;full_width&#8221; angled_section=&#8221;no&#8221; text_align=&#8221;left&#8221; background_image_as_pattern=&#8221;without_pattern&#8221; css=&#8221;.vc_custom_1692114710837{padding-top: 30px !important;padding-bottom: 30px !important;}&#8221;][vc_column width=&#8221;1\/2&#8243;][vc_single_image image=&#8221;6753&#8243; img_size=&#8221;full&#8221; add_caption=&#8221;yes&#8221; qode_css_animation=&#8221;&#8221;][\/vc_column][vc_column width=&#8221;1\/2&#8243;][vc_single_image image=&#8221;6752&#8243; img_size=&#8221;full&#8221; add_caption=&#8221;yes&#8221; qode_css_animation=&#8221;&#8221;][\/vc_column][\/vc_row][vc_row css_animation=&#8221;&#8221; row_type=&#8221;row&#8221; use_row_as_full_screen_section=&#8221;no&#8221; type=&#8221;full_width&#8221; angled_section=&#8221;no&#8221; text_align=&#8221;left&#8221; background_image_as_pattern=&#8221;without_pattern&#8221;][vc_column][vc_column_text]Zu der Werkgruppe &#8220;Im Ebrodelta&#8221; z\u00e4hlen noch <a href=\"https:\/\/skadi.de\/grafik\/2022-2\/siebdruck-im-ebrodelta\/\">8 Siebdruckmotive<\/a> mit je einer Auflage von etwa 20 Exemplaren.<br \/>\nIch hoffe sehr, Ihnen hat die Vorstellung Spa\u00df gemacht. \u00dcber R\u00fcckmeldungen, w\u00fcrde ich mich sehr freuen.<br \/>\nAuch: Wie erleben Sie Landschaften spazierend, wandernd, oder wenn Sie sie auf Fotos, Bildschirmen, durch Fenster usw. beobachten?<\/p>\n<p><span style=\"background-color: inherit;\">Herzlichst,<br \/>\nSkadi Engeln<\/span><\/p>\n<p>P.S.<br \/>\nBei einem Atelierbesuch zu den n\u00e4chsten\u00a0<a href=\"https:\/\/skadi.de\/artspring_kunstsalon_am_berg_im_tal_2023\/\">&#8220;offenen Ateliers&#8221;<\/a> am ersten Juni-Wochenende (Artspring) oder zu einem pers\u00f6nlich vereinbarten Ateliertermin sind die Arbeiten nat\u00fcrlich gerne auch im Original zu sehen.<br \/>\nAlle aktuell laufenden, bereits geplanten und terminierten Ausstellungen und Termine sind <a href=\"https:\/\/skadi.de\/termine\/\">hier<\/a> zu finden.<\/p>\n<p>Ich freue mich sehr auf ein Wiedersehen.[\/vc_column_text][\/vc_column][\/vc_row]<\/p>\n<\/div>","protected":false},"excerpt":{"rendered":"<p>Liebe KunstfreundInnen,<br \/>\nich freue mich sehr \u00fcber einen gerade ver\u00f6ffentlichten umfassenden  englischsprachigen Text \u00fcber meine k\u00fcnstlerische Arbeit<br \/>\nvon Aatonau ein Online-Blog-Magazin f\u00fcr Zeitgen\u00f6ssische Kunst,<\/p>\n","protected":false},"author":2,"featured_media":6495,"comment_status":"open","ping_status":"open","sticky":false,"template":"","format":"standard","meta":{"om_disable_all_campaigns":false,"_monsterinsights_skip_tracking":false,"_uf_show_specific_survey":0,"_uf_disable_surveys":false,"ngg_post_thumbnail":0,"footnotes":""},"categories":[445],"tags":[],"class_list":["post-7747","post","type-post","status-publish","format-standard","has-post-thumbnail","hentry","category-blog"],"translation":{"provider":"WPGlobus","version":"3.0.2","language":"en","enabled_languages":["de","en"],"languages":{"de":{"title":true,"content":true,"excerpt":true},"en":{"title":false,"content":false,"excerpt":false}}},"_links":{"self":[{"href":"https:\/\/skadi.de\/en\/wp-json\/wp\/v2\/posts\/7747","targetHints":{"allow":["GET"]}}],"collection":[{"href":"https:\/\/skadi.de\/en\/wp-json\/wp\/v2\/posts"}],"about":[{"href":"https:\/\/skadi.de\/en\/wp-json\/wp\/v2\/types\/post"}],"author":[{"embeddable":true,"href":"https:\/\/skadi.de\/en\/wp-json\/wp\/v2\/users\/2"}],"replies":[{"embeddable":true,"href":"https:\/\/skadi.de\/en\/wp-json\/wp\/v2\/comments?post=7747"}],"version-history":[{"count":7,"href":"https:\/\/skadi.de\/en\/wp-json\/wp\/v2\/posts\/7747\/revisions"}],"predecessor-version":[{"id":7793,"href":"https:\/\/skadi.de\/en\/wp-json\/wp\/v2\/posts\/7747\/revisions\/7793"}],"wp:featuredmedia":[{"embeddable":true,"href":"https:\/\/skadi.de\/en\/wp-json\/wp\/v2\/media\/6495"}],"wp:attachment":[{"href":"https:\/\/skadi.de\/en\/wp-json\/wp\/v2\/media?parent=7747"}],"wp:term":[{"taxonomy":"category","embeddable":true,"href":"https:\/\/skadi.de\/en\/wp-json\/wp\/v2\/categories?post=7747"},{"taxonomy":"post_tag","embeddable":true,"href":"https:\/\/skadi.de\/en\/wp-json\/wp\/v2\/tags?post=7747"}],"curies":[{"name":"wp","href":"https:\/\/api.w.org\/{rel}","templated":true}]}}