{"id":7744,"date":"2023-08-15T17:48:47","date_gmt":"2023-08-15T15:48:47","guid":{"rendered":"https:\/\/skadi.de\/?p=7744"},"modified":"2023-08-16T09:54:43","modified_gmt":"2023-08-16T07:54:43","slug":"mein_12_august_23","status":"publish","type":"post","link":"https:\/\/skadi.de\/en\/mein_12_august_23\/","title":{"rendered":"Skadi Engelns 12. August 2023: Ein Tag in ihrem Sommeratelier in La Grande Preugne <br> <span style='color:grey;font-size:12px;'>#12von12 - K\u00fcnstler<\/span>"},"content":{"rendered":"<div class=\"wpb-content-wrapper\"><p>[vc_row css_animation=&#8221;&#8221; row_type=&#8221;row&#8221; use_row_as_full_screen_section=&#8221;no&#8221; type=&#8221;full_width&#8221; angled_section=&#8221;no&#8221; text_align=&#8221;left&#8221; background_image_as_pattern=&#8221;without_pattern&#8221;][vc_column][vc_column_text]<\/p>\n<header>\n<header class=\"post-header\"><\/header>\n<\/header>\n<header class=\"post-header\">Ich nahm diesen 12 August an K\u00fcnstler 12 von 12 von Claudia Scholz teil und finde es eine sch\u00f6ne Idee von ihr, hier jeweils einen 12. Tag im Monat eineR K\u00fcnstlerIn vorzustellen:<\/header>\n<header><\/header>\n<header class=\"post-header\"><a href=\"https:\/\/claudia-r-scholz.de\/skadi-engeln-sommeratelier-in-la-grande-preugne\/\">https:\/\/claudia-r-scholz.de\/skadi-engeln-sommeratelier-in-la-grande-preugne\/<\/a><br \/>\n<a href=\"https:\/\/claudia-r-scholz.de\/category\/kuenstler-12von12\/\">https:\/\/claudia-r-scholz.de\/category\/kuenstler-12von12\/<\/a><\/header>\n<div class=\"entry-content\">\n<p>&nbsp;<\/p>\n<\/div>\n<p>[\/vc_column_text][\/vc_column][\/vc_row][vc_row css_animation=&#8221;&#8221; row_type=&#8221;row&#8221; use_row_as_full_screen_section=&#8221;no&#8221; type=&#8221;full_width&#8221; angled_section=&#8221;no&#8221; text_align=&#8221;left&#8221; background_image_as_pattern=&#8221;without_pattern&#8221;][vc_column][vc_column_text]<\/p>\n<header id=\"site-header\" role=\"banner\">\n<div><\/div>\n<div><\/div>\n<div class=\"header-top section-inner\">Skadi Engeln ist den Sommer \u00fcber in La Grande Preugne.<\/div>\n<\/header>\n<div class=\"post-inner section-inner\">\n<div class=\"entry-content\">\n<p>In La Grande Preugne hat ihre Familie ein Haus, in das sie jedes Jahr f\u00fcr 6 bis 8 Wochen f\u00e4hrt, um dort ihre Holzdrucke zu entwerfen und zu schneiden. Bei einer Ausstellung im Nachbarort zeigt sie ihre Holz- und Siebdrucke, die sie im franz\u00f6sischen Berry angefertigt hat.<\/p>\n<p>Sp\u00e4ter, im September oder Oktober druckt sie die Vielfarbmotive in Berlin in der <a href=\"https:\/\/www.bbk-kulturwerk.de\/druckwerkstatt\">Druckwerkstatt des BBK im Bethanien<\/a>.<\/p>\n<p>&nbsp;<\/p>\n<p>Der Plan f\u00fcr heute:<\/p>\n<p>Heute am Vormittag m\u00f6chte sie ihre ersten geschnittenen Motive auf andere Holzdrucke umdrucken, damit sie daraus mehrere Farben mit dem gleichen Motiv schneiden kann.<\/p>\n<p>Am Nachmittag \u00fcbernimmt sie die Aufsicht bei ihrer Ausstellungsbeteiligung in der kleinen Atelier-Galerie von Fany Gaillard in dem ber\u00fchmten Keramikerdorf Les Archers, eineinhalb Kilometer von ihrem Familienhaus entfernt.<\/p>\n<p>&nbsp;<\/p>\n<\/div>\n<\/div>\n<p>[\/vc_column_text][\/vc_column][\/vc_row][vc_row css_animation=&#8221;&#8221; row_type=&#8221;row&#8221; use_row_as_full_screen_section=&#8221;no&#8221; type=&#8221;full_width&#8221; angled_section=&#8221;no&#8221; text_align=&#8221;left&#8221; background_image_as_pattern=&#8221;without_pattern&#8221;][vc_column][vc_column_text]<\/p>\n<h2>Erstmal fr\u00fchst\u00fccken<\/h2>\n<p>[\/vc_column_text][\/vc_column][\/vc_row][vc_row css_animation=&#8221;&#8221; row_type=&#8221;row&#8221; use_row_as_full_screen_section=&#8221;no&#8221; type=&#8221;full_width&#8221; angled_section=&#8221;no&#8221; text_align=&#8221;left&#8221; background_image_as_pattern=&#8221;without_pattern&#8221;][vc_column][vc_single_image image=&#8221;7726&#8243; img_size=&#8221;full&#8221; qode_css_animation=&#8221;&#8221;][\/vc_column][\/vc_row][vc_row css_animation=&#8221;&#8221; row_type=&#8221;row&#8221; use_row_as_full_screen_section=&#8221;no&#8221; type=&#8221;full_width&#8221; angled_section=&#8221;no&#8221; text_align=&#8221;left&#8221; background_image_as_pattern=&#8221;without_pattern&#8221;][vc_column][vc_column_text]<\/p>\n<figure id=\"attachment_6327\" class=\"wp-caption alignnone\" aria-describedby=\"caption-attachment-6327\"><figcaption id=\"caption-attachment-6327\" class=\"wp-caption-text\"><\/figcaption><\/figure>\n<p>Cacahouette, Nachbars Katze, die auch immer wieder in ihren Motiven auftaucht, kommt auf eine Streicheleinheit oder mehr herbeigeeilt.<\/p>\n<p><a href=\"https:\/\/skadi.de\/portfolio_page\/malerei-2019-la-visite-de-cacahouete-a-mon-atelier\/\">La visite de Cacahouette \u00e0 mon atelier &#8211; Malerei<\/a>\u00a0 oder\u00a0<a href=\"https:\/\/skadi.de\/portfolio_page\/grafik-2019-holzdruck-la-visite-de-cacahouete-a-mon-atelier-9\/\">La visite de Cachouette \u00e0 mon atelier &#8211; Holzdruck<\/a>[\/vc_column_text][\/vc_column][\/vc_row][vc_row css_animation=&#8221;&#8221; row_type=&#8221;row&#8221; use_row_as_full_screen_section=&#8221;no&#8221; type=&#8221;full_width&#8221; angled_section=&#8221;no&#8221; text_align=&#8221;left&#8221; background_image_as_pattern=&#8221;without_pattern&#8221;][vc_column][vc_single_image image=&#8221;7725&#8243; img_size=&#8221;full&#8221; qode_css_animation=&#8221;&#8221;][\/vc_column][\/vc_row][vc_row css_animation=&#8221;&#8221; row_type=&#8221;row&#8221; use_row_as_full_screen_section=&#8221;no&#8221; type=&#8221;full_width&#8221; angled_section=&#8221;no&#8221; text_align=&#8221;left&#8221; background_image_as_pattern=&#8221;without_pattern&#8221;][vc_column][vc_column_text]<\/p>\n<figure id=\"attachment_6328\" class=\"wp-caption alignnone\" aria-describedby=\"caption-attachment-6328\"><figcaption id=\"caption-attachment-6328\" class=\"wp-caption-text\">Cacahouette, Nachbars Katze und eines ihrer Lieblingsmodelle.<\/figcaption><\/figure>\n<p>&nbsp;<\/p>\n<p>Dann gehts ans Um-Drucken. Das macht sie heute lieber in der K\u00fcche als drau\u00dfen. Drau\u00dfen ist es ein bisschen zu windig.[\/vc_column_text][\/vc_column][\/vc_row][vc_row css_animation=&#8221;&#8221; row_type=&#8221;row&#8221; use_row_as_full_screen_section=&#8221;no&#8221; type=&#8221;full_width&#8221; angled_section=&#8221;no&#8221; text_align=&#8221;left&#8221; background_image_as_pattern=&#8221;without_pattern&#8221;][vc_column][vc_single_image image=&#8221;7727&#8243; img_size=&#8221;full&#8221; qode_css_animation=&#8221;&#8221;][\/vc_column][\/vc_row][vc_row css_animation=&#8221;&#8221; row_type=&#8221;row&#8221; use_row_as_full_screen_section=&#8221;no&#8221; type=&#8221;full_width&#8221; angled_section=&#8221;no&#8221; text_align=&#8221;left&#8221; background_image_as_pattern=&#8221;without_pattern&#8221;][vc_column][vc_column_text]<\/p>\n<figure id=\"attachment_6330\" class=\"wp-caption alignnone\" aria-describedby=\"caption-attachment-6330\"><figcaption id=\"caption-attachment-6330\" class=\"wp-caption-text\">Um-Drucken in der K\u00fcche<\/figcaption><\/figure>\n<p>Von ihrem bereits einmal geschnittenen Sonnenblumen-Triptychon druckt sie jede Holzplatte 4-mal um, sodass sie von jedem Einzel-Teil bis zu 5 Farben schneiden kann. Zusammen sind das 15 Druckst\u00f6cke f\u00fcr diese Arbeit \u2013 puh, am Ende muss alles noch geschnitten werden!<\/p>\n<p>Hier einmal als komplettes Motiv, nur umgedruckt und noch nicht geschnitten:[\/vc_column_text][\/vc_column][\/vc_row][vc_row css_animation=&#8221;&#8221; row_type=&#8221;row&#8221; use_row_as_full_screen_section=&#8221;no&#8221; type=&#8221;full_width&#8221; angled_section=&#8221;no&#8221; text_align=&#8221;left&#8221; background_image_as_pattern=&#8221;without_pattern&#8221;][vc_column][vc_single_image image=&#8221;7728&#8243; img_size=&#8221;full&#8221; qode_css_animation=&#8221;&#8221;][\/vc_column][\/vc_row][vc_row css_animation=&#8221;&#8221; row_type=&#8221;row&#8221; use_row_as_full_screen_section=&#8221;no&#8221; type=&#8221;full_width&#8221; angled_section=&#8221;no&#8221; text_align=&#8221;left&#8221; background_image_as_pattern=&#8221;without_pattern&#8221;][vc_column][vc_column_text]<\/p>\n<figure id=\"attachment_6331\" class=\"wp-caption alignnone\" aria-describedby=\"caption-attachment-6331\"><figcaption id=\"caption-attachment-6331\" class=\"wp-caption-text\">Sonnenblumentriptychon umgedruckt<\/figcaption><\/figure>\n<p>Nun aber los zu Fanys Boutique, damit jemand da ist, wenn Kunden kommen!<br \/>\nFany hat heute einen anderen Plan.<\/p>\n<p>[\/vc_column_text][\/vc_column][\/vc_row][vc_row css_animation=&#8221;&#8221; row_type=&#8221;row&#8221; use_row_as_full_screen_section=&#8221;no&#8221; type=&#8221;full_width&#8221; angled_section=&#8221;no&#8221; text_align=&#8221;left&#8221; background_image_as_pattern=&#8221;without_pattern&#8221;][vc_column][vc_single_image image=&#8221;7729&#8243; img_size=&#8221;full&#8221; qode_css_animation=&#8221;&#8221;][\/vc_column][\/vc_row][vc_row css_animation=&#8221;&#8221; row_type=&#8221;row&#8221; use_row_as_full_screen_section=&#8221;no&#8221; type=&#8221;full_width&#8221; angled_section=&#8221;no&#8221; text_align=&#8221;left&#8221; background_image_as_pattern=&#8221;without_pattern&#8221;][vc_column][vc_column_text]<\/p>\n<figure id=\"attachment_6332\" class=\"wp-caption alignnone\" aria-describedby=\"caption-attachment-6332\"><figcaption id=\"caption-attachment-6332\" class=\"wp-caption-text\">Mit dem Fahrrad auf zu Fanys Galerie-Atelier.<\/figcaption><\/figure>\n<h2><\/h2>\n<p>&nbsp;<\/p>\n<h2><span id=\"Sonne_und_Sonnenblumen\">Sonne und Sonnenblumen<\/span><\/h2>\n<p>[\/vc_column_text][\/vc_column][\/vc_row][vc_row css_animation=&#8221;&#8221; row_type=&#8221;row&#8221; use_row_as_full_screen_section=&#8221;no&#8221; type=&#8221;full_width&#8221; angled_section=&#8221;no&#8221; text_align=&#8221;left&#8221; background_image_as_pattern=&#8221;without_pattern&#8221;][vc_column][vc_single_image image=&#8221;7730&#8243; img_size=&#8221;full&#8221; qode_css_animation=&#8221;&#8221;][\/vc_column][\/vc_row][vc_row css_animation=&#8221;&#8221; row_type=&#8221;row&#8221; use_row_as_full_screen_section=&#8221;no&#8221; type=&#8221;full_width&#8221; angled_section=&#8221;no&#8221; text_align=&#8221;left&#8221; background_image_as_pattern=&#8221;without_pattern&#8221;][vc_column][vc_column_text]<\/p>\n<figure id=\"attachment_6335\" class=\"wp-caption alignnone\" aria-describedby=\"caption-attachment-6335\"><figcaption id=\"caption-attachment-6335\" class=\"wp-caption-text\">Unterwegs trifft Skadi ihre aktuellen Modelle an: Sonnenblumen.<\/figcaption><\/figure>\n<p>Angekommen und Fanys Galerie ge\u00f6ffnet. Auch hier eine orange Katze, nur diesmal aus Ton.[\/vc_column_text][\/vc_column][\/vc_row][vc_row css_animation=&#8221;&#8221; row_type=&#8221;row&#8221; use_row_as_full_screen_section=&#8221;no&#8221; type=&#8221;full_width&#8221; angled_section=&#8221;no&#8221; text_align=&#8221;left&#8221; background_image_as_pattern=&#8221;without_pattern&#8221;][vc_column][vc_single_image image=&#8221;7731&#8243; img_size=&#8221;full&#8221; qode_css_animation=&#8221;&#8221;][\/vc_column][\/vc_row][vc_row css_animation=&#8221;&#8221; row_type=&#8221;row&#8221; use_row_as_full_screen_section=&#8221;no&#8221; type=&#8221;full_width&#8221; angled_section=&#8221;no&#8221; text_align=&#8221;left&#8221; background_image_as_pattern=&#8221;without_pattern&#8221;][vc_column][vc_column_text]<\/p>\n<figure id=\"attachment_6334\" class=\"wp-caption alignnone\" aria-describedby=\"caption-attachment-6334\"><figcaption id=\"caption-attachment-6334\" class=\"wp-caption-text\">Fanys Galerie-Atelier im Berry<\/figcaption><\/figure>\n<h2><\/h2>\n<h2><span id=\"Die_Ausstellung_im_Berry\">Die Ausstellung in Les Archers<\/span><\/h2>\n<p>[\/vc_column_text][\/vc_column][\/vc_row][vc_row css_animation=&#8221;&#8221; row_type=&#8221;row&#8221; use_row_as_full_screen_section=&#8221;no&#8221; type=&#8221;full_width&#8221; angled_section=&#8221;no&#8221; text_align=&#8221;left&#8221; background_image_as_pattern=&#8221;without_pattern&#8221;][vc_column][vc_single_image image=&#8221;7732&#8243; img_size=&#8221;full&#8221; qode_css_animation=&#8221;&#8221;][\/vc_column][\/vc_row][vc_row css_animation=&#8221;&#8221; row_type=&#8221;row&#8221; use_row_as_full_screen_section=&#8221;no&#8221; type=&#8221;full_width&#8221; angled_section=&#8221;no&#8221; text_align=&#8221;left&#8221; background_image_as_pattern=&#8221;without_pattern&#8221;][vc_column][vc_column_text]<\/p>\n<figure id=\"attachment_6337\" class=\"wp-caption alignnone\" aria-describedby=\"caption-attachment-6337\"><figcaption id=\"caption-attachment-6337\" class=\"wp-caption-text\">Arbeiten von Skadi Engeln und Fany Gaillard<\/p>\n<ul>\n<li><em><strong>Fany G.<\/strong><\/em> zeigt ihre Keramiken: <a href=\"https:\/\/skadi.de?mailpoet_router&amp;endpoint=track&amp;action=click&amp;data=WyIxIiwiY2YzMzcyIiwiMTMiLCI0YmE5NjYyMTIxYTAiLGZhbHNlXQ\">Fany G.<\/a><\/li>\n<li><em><strong>Skadi Engeln<\/strong><\/em> (s<a href=\"https:\/\/skadi.de?mailpoet_router&amp;endpoint=track&amp;action=click&amp;data=WyIxIiwiY2YzMzcyIiwiMTMiLCI4ZmQ1YzViZmU5MjciLGZhbHNlXQ\">kadi.de<\/a>), zeigt die <a href=\"https:\/\/skadi.de?mailpoet_router&amp;endpoint=track&amp;action=click&amp;data=WyIxIiwiY2YzMzcyIiwiMTMiLCI4N2U2ZTk3YTU5OGEiLGZhbHNlXQ\">Giraffen im Berry<\/a> (Holzdrucke), die sie letzten Sommer geschrumpft und im Berry angesiedelt hat, um sie vor dem Verdursten in Afrika zu bewahren, wie die neuen <a href=\"https:\/\/skadi.de?mailpoet_router&amp;endpoint=track&amp;action=click&amp;data=WyIxIiwiY2YzMzcyIiwiMTMiLCI0ZTQyYmFjM2UwZmEiLGZhbHNlXQ\">Badenden<\/a> (Siebdrucke) mit verwunderlichen TeilnehmerInnen aus dem Tierreich.<\/li>\n<\/ul>\n<\/figcaption><\/figure>\n<p>Noch schnell den <a href=\"https:\/\/skadi.de\/?mailpoet_router&amp;endpoint=view_in_browser&amp;action=view&amp;data=WzE5LCI3YzliNDRjNGY5MDYiLDI2LCIxMXMxNDV1d2Z0ZGNza3NvZ2Nvdzg4Y2s0c3dvczBvYyIsMTMsMF0\">Newsletter mit Einladung<\/a> f\u00fcr die Ausstellung erstellen, denn hier gibt es n\u00e4mlich Wi-Fi (zu Deutsch: WLAN).[\/vc_column_text][\/vc_column][\/vc_row][vc_row css_animation=&#8221;&#8221; row_type=&#8221;row&#8221; use_row_as_full_screen_section=&#8221;no&#8221; type=&#8221;full_width&#8221; angled_section=&#8221;no&#8221; text_align=&#8221;left&#8221; background_image_as_pattern=&#8221;without_pattern&#8221;][vc_column][vc_single_image image=&#8221;7733&#8243; img_size=&#8221;full&#8221; qode_css_animation=&#8221;&#8221;][\/vc_column][\/vc_row][vc_row css_animation=&#8221;&#8221; row_type=&#8221;row&#8221; use_row_as_full_screen_section=&#8221;no&#8221; type=&#8221;full_width&#8221; angled_section=&#8221;no&#8221; text_align=&#8221;left&#8221; background_image_as_pattern=&#8221;without_pattern&#8221;][vc_column][vc_column_text]<\/p>\n<figure id=\"attachment_6339\" class=\"wp-caption alignnone\" aria-describedby=\"caption-attachment-6339\"><figcaption id=\"caption-attachment-6339\" class=\"wp-caption-text\"><a class=\"_ps2id\" href=\"https:\/\/skadi.de\/?mailpoet_router&amp;endpoint=view_in_browser&amp;action=view&amp;data=WzE5LCI3YzliNDRjNGY5MDYiLDAsMCwxMywxXQ\" data-ps2id-offset=\"\">Newsletter: Einladung zur Ausstellung<\/a><\/figcaption><\/figure>\n<blockquote><p><em>Ich freue mich sehr, Sie und Euch zu einer neuen Ausstellung meiner aktuellsten Grafiken gemeinsam mit Fany G. und ihren Keramiken in ihrem Atelier in Les Archers einladen zu d\u00fcrfen.<\/em><\/p>\n<ul>\n<li><em><strong>Fany G.<\/strong>\u00a0(<a href=\"https:\/\/skadi.de\/?mailpoet_router&amp;endpoint=track&amp;action=click&amp;data=WyIxIiwiY2YzMzcyIiwiMTMiLCI0YmE5NjYyMTIxYTAiLGZhbHNlXQ\">Fany G.<\/a>) zeigt ihre Keramiken<\/em><\/li>\n<li><em><strong>Skadi Engeln<\/strong>\u00a0(s<a href=\"https:\/\/skadi.de\/?mailpoet_router&amp;endpoint=track&amp;action=click&amp;data=WyIxIiwiY2YzMzcyIiwiMTMiLCI4ZmQ1YzViZmU5MjciLGZhbHNlXQ\">kadi.de<\/a>) zeigt ihre Holz- und Siebdrucke<\/em><\/li>\n<\/ul>\n<p><em>Ich bin pers\u00f6nlich anwesend heute und morgen 12 bis 18 Uhr (oder l\u00e4nger) und am Ende des Monats und bis Anfang September auf Anfrage: 01775 79 77 06<\/em><\/p>\n<p><em>Atelier Fany G., <\/em><em>18 village des Archers, <\/em><em>18170 LE CHATELET<\/em><\/p>\n<p><em>Kontakt Fany G.: 060 4095298<\/em><\/p><\/blockquote>\n<p>Jetzt ist Zeit zum Schneiden, wenn gerade keine Kunden kommen:[\/vc_column_text][\/vc_column][\/vc_row][vc_row css_animation=&#8221;&#8221; row_type=&#8221;row&#8221; use_row_as_full_screen_section=&#8221;no&#8221; type=&#8221;full_width&#8221; angled_section=&#8221;no&#8221; text_align=&#8221;left&#8221; background_image_as_pattern=&#8221;without_pattern&#8221;][vc_column][vc_single_image image=&#8221;7734&#8243; img_size=&#8221;full&#8221; qode_css_animation=&#8221;&#8221;][\/vc_column][\/vc_row][vc_row css_animation=&#8221;&#8221; row_type=&#8221;row&#8221; use_row_as_full_screen_section=&#8221;no&#8221; type=&#8221;full_width&#8221; angled_section=&#8221;no&#8221; text_align=&#8221;left&#8221; background_image_as_pattern=&#8221;without_pattern&#8221;][vc_column][vc_column_text]<\/p>\n<figure id=\"attachment_6340\" class=\"wp-caption alignnone\" aria-describedby=\"caption-attachment-6340\"><figcaption id=\"caption-attachment-6340\" class=\"wp-caption-text\">Vor der Galerie: Sonnenblumen-Triptychon schneiden.<\/figcaption><\/figure>\n<p>F\u00fcr Fany verkauft Skadi zwei h\u00fcbsche V\u00f6gelchen und einen Fingerring. F\u00fcr sie selbst ergibt sich erstmal \u2013 nichts. Doch sie ist zuversichtlich, dass sich noch was ergibt.<\/p>\n<p>Um 19.30 Uhr kommt Fany wieder und freut sich, dass sie einen Tag lang Zeit f\u00fcr etwas anderes hatte und Skadi f\u00fcr sie verkaufen konnte.<\/p>\n<p>Am Ende trinken sie noch ein \u201ekleines Bierchen\u201c und dann f\u00e4hrt Skadi mit dem Fahrrad durch die Abendsonne mit tollem Himmel nach Hause.[\/vc_column_text][\/vc_column][\/vc_row][vc_row css_animation=&#8221;&#8221; row_type=&#8221;row&#8221; use_row_as_full_screen_section=&#8221;no&#8221; type=&#8221;full_width&#8221; angled_section=&#8221;no&#8221; text_align=&#8221;left&#8221; background_image_as_pattern=&#8221;without_pattern&#8221;][vc_column][vc_single_image image=&#8221;7735&#8243; img_size=&#8221;full&#8221; qode_css_animation=&#8221;&#8221;][\/vc_column][\/vc_row][vc_row css_animation=&#8221;&#8221; row_type=&#8221;row&#8221; use_row_as_full_screen_section=&#8221;no&#8221; type=&#8221;full_width&#8221; angled_section=&#8221;no&#8221; text_align=&#8221;left&#8221; background_image_as_pattern=&#8221;without_pattern&#8221;][vc_column][vc_column_text]<\/p>\n<figure id=\"attachment_6341\" class=\"wp-caption alignnone\" aria-describedby=\"caption-attachment-6341\"><figcaption id=\"caption-attachment-6341\" class=\"wp-caption-text\">Fahrt nach Hause bei sch\u00f6nster Abendsonne und aufstrebenden wei\u00dfen Wolken<\/figcaption><\/figure>\n<p>Die Ausstellung geht \u00fcbrigens mindestens noch bis Ende des Jahres. \u00dcber Besuche freuen sich die beiden Ausstellenden Skadi Engeln und Fany Gaillard sehr.<\/p>\n<p>Skadi ist noch bis zum 7. September in La Grande Preugne im franz\u00f6sischen Berry (Mittelfrankreich) und steht auf Abruf bereit.<\/p>\n<p>Wer sich in ihren Newsletter eintragen und \u00fcber ihre Ausstellungen informiert werden m\u00f6chte, die meistens in Berlin und Deutschland stattfinden, kann das hier tun: www.skadi.de[\/vc_column_text][\/vc_column][\/vc_row]<\/p>\n<\/div>","protected":false},"excerpt":{"rendered":"<p>Ich nahm diesen 12 August an K\u00fcnstler 12 von 12 von Claudia Scholz teil und finde es eine sch\u00f6ne Idee von ihr, hier jeweils einen 12. Tag im Monat eineR K\u00fcnstlerIn vorzustellen:<\/p>\n","protected":false},"author":7,"featured_media":7724,"comment_status":"open","ping_status":"open","sticky":false,"template":"","format":"standard","meta":{"om_disable_all_campaigns":false,"_monsterinsights_skip_tracking":false,"_uf_show_specific_survey":0,"_uf_disable_surveys":false,"ngg_post_thumbnail":0,"footnotes":""},"categories":[105,416,70,445,295],"tags":[275,33],"class_list":["post-7744","post","type-post","status-publish","format-standard","has-post-thumbnail","hentry","category-aktuell","category-ausstellungen-2023","category-austellungen","category-blog","category-startseite","tag-druckgrafik","tag-gruppenausstellung"],"translation":{"provider":"WPGlobus","version":"3.0.2","language":"en","enabled_languages":["de","en"],"languages":{"de":{"title":true,"content":true,"excerpt":true},"en":{"title":false,"content":false,"excerpt":false}}},"_links":{"self":[{"href":"https:\/\/skadi.de\/en\/wp-json\/wp\/v2\/posts\/7744","targetHints":{"allow":["GET"]}}],"collection":[{"href":"https:\/\/skadi.de\/en\/wp-json\/wp\/v2\/posts"}],"about":[{"href":"https:\/\/skadi.de\/en\/wp-json\/wp\/v2\/types\/post"}],"author":[{"embeddable":true,"href":"https:\/\/skadi.de\/en\/wp-json\/wp\/v2\/users\/7"}],"replies":[{"embeddable":true,"href":"https:\/\/skadi.de\/en\/wp-json\/wp\/v2\/comments?post=7744"}],"version-history":[{"count":8,"href":"https:\/\/skadi.de\/en\/wp-json\/wp\/v2\/posts\/7744\/revisions"}],"predecessor-version":[{"id":7792,"href":"https:\/\/skadi.de\/en\/wp-json\/wp\/v2\/posts\/7744\/revisions\/7792"}],"wp:featuredmedia":[{"embeddable":true,"href":"https:\/\/skadi.de\/en\/wp-json\/wp\/v2\/media\/7724"}],"wp:attachment":[{"href":"https:\/\/skadi.de\/en\/wp-json\/wp\/v2\/media?parent=7744"}],"wp:term":[{"taxonomy":"category","embeddable":true,"href":"https:\/\/skadi.de\/en\/wp-json\/wp\/v2\/categories?post=7744"},{"taxonomy":"post_tag","embeddable":true,"href":"https:\/\/skadi.de\/en\/wp-json\/wp\/v2\/tags?post=7744"}],"curies":[{"name":"wp","href":"https:\/\/api.w.org\/{rel}","templated":true}]}}