{"id":7712,"date":"2023-08-12T14:25:39","date_gmt":"2023-08-12T12:25:39","guid":{"rendered":"https:\/\/skadi.de\/?p=7712"},"modified":"2023-08-16T09:56:40","modified_gmt":"2023-08-16T07:56:40","slug":"nouvelles_gravures_de_skadi_engeln-a-la-boutique-ceramique-de-fany-gaillard-aux_archers-france","status":"publish","type":"post","link":"https:\/\/skadi.de\/en\/nouvelles_gravures_de_skadi_engeln-a-la-boutique-ceramique-de-fany-gaillard-aux_archers-france\/","title":{"rendered":"Nouvelles Gravures de Skadi Engeln a la boutique ceramique de Fany Gaillard aux Archers\/France <br> <span style='color:grey;font-size:12px;'>12.8.-1-12.23 oder l\u00e4nger<\/span>"},"content":{"rendered":"<div class=\"wpb-content-wrapper\"><p>[vc_row css_animation=&#8221;&#8221; row_type=&#8221;row&#8221; use_row_as_full_screen_section=&#8221;no&#8221; type=&#8221;full_width&#8221; angled_section=&#8221;no&#8221; text_align=&#8221;left&#8221; background_image_as_pattern=&#8221;without_pattern&#8221;][vc_column][vc_column_text]J&#8217;ai le plaisir de vous inviter \u00e0 une nouvelle exposition de mes \u0153uvres graphiques les plus r\u00e9centes en compagnie de Fany G. et de ses c\u00e9ramiques dans son atelier des Archers.<\/p>\n<p><em><strong>Fany G.<\/strong><\/em> (<a href=\"http:\/\/www.fanyg.com\/\">Fany G.<\/a>) montre ses ceramiques<br \/>\n<em><strong>Skadi Engeln<\/strong><\/em> (s<a href=\"https:\/\/skadi.de\/\">kadi.de<\/a>), montre les <a href=\"https:\/\/skadi.de\/grafik\/2022-2\/holzschnitt\/\">girafes du Berry<\/a> (gravures en bois) qu&#8217;elle a r\u00e9tr\u00e9cies l&#8217;\u00e9t\u00e9 dernier et install\u00e9es dans le Berry pour leur \u00e9viter de mourir de soif en Afrique, comme les nouvelles <a href=\"https:\/\/skadi.de\/grafik\/2023-3\/siebdruck-badende\/\">baigneuses<\/a> (s\u00e9rigraphies) avec des participants \u00e9tonnants du r\u00e8gne animal.<\/p>\n<p>Je serai personnellement pr\u00e9sente aujourd&#8217;hui et demain de 12h \u00e0 18h (ou plus) et \u00e0 la fin du mois et jusqu&#8217;\u00e0 d\u00e9but septembre sur rendez-vous (01775797706).<\/p>\n<p>Ich freue mich sehr, Sie und Euch zu einer neuen Ausstellung\u00a0 meiner aktuellstes Grafiken \u00a0gemeinsam mit\u00a0 Fany G. und ihren Keramiken in ihrem Atelier in Les Archers einladen zu d\u00fcrfen.<\/p>\n<p><em><strong>Fany G.<\/strong><\/em> (<a href=\"http:\/\/www.fanyg.com\/\">Fany G.<\/a>) zeigt ihre Keramiken<br \/>\n<em><strong>Skadi Engeln<\/strong><\/em> (s<a href=\"https:\/\/skadi.de\/\">kadi.de<\/a>), zeigt die <a href=\"https:\/\/skadi.de\/grafik\/2022-2\/holzschnitt\/\">Giraffen im Berry<\/a> (Holzdrucke), die sie letzten Sommer geschrumpft und im Berry angesiedelt hat, um sie vor dem Verdursten in Afrika zu bewahren, wie die neuen <a href=\"https:\/\/skadi.de\/grafik\/2023-3\/siebdruck-badende\/\">Badenden<\/a> (Siebdrucke) mit verwunderlichen TeilnehmerInnen aus dem Tierreich<\/p>\n<p>Ich bin pers\u00f6nlich anwesend heute und morgen 12-18 Uhr (oder l\u00e4nger) und am Ende des Monats und bis Anfang September auf Anfrage (01775797706)<\/p>\n<p>&nbsp;<\/p>\n<p>Atelier Fany G.<br \/>\n18 village des Archers<br \/>\n18170 LE CHATELET<\/p>\n<p>Kontakt Fany G.: 0604095298<\/p>\n<p><a href=\"mailto:fanylesarchers@gmail.com\">fanylesarchers@gmail.com<\/a><\/p>\n<p>[\/vc_column_text][\/vc_column][\/vc_row]<\/p>\n<\/div>","protected":false},"excerpt":{"rendered":"<p>J\u2019ai le plaisir de vous inviter \u00e0 une nouvelle exposition de mes \u0153uvres graphiques les plus r\u00e9centes en compagnie de Fany G. et de ses c\u00e9ramiques dans son atelier des Archers.<\/p>\n","protected":false},"author":7,"featured_media":7714,"comment_status":"open","ping_status":"open","sticky":false,"template":"","format":"standard","meta":{"om_disable_all_campaigns":false,"_monsterinsights_skip_tracking":false,"_uf_show_specific_survey":0,"_uf_disable_surveys":false,"ngg_post_thumbnail":0,"footnotes":""},"categories":[105,416,70,445,295],"tags":[275,33],"class_list":["post-7712","post","type-post","status-publish","format-standard","has-post-thumbnail","hentry","category-aktuell","category-ausstellungen-2023","category-austellungen","category-blog","category-startseite","tag-druckgrafik","tag-gruppenausstellung"],"translation":{"provider":"WPGlobus","version":"3.0.2","language":"en","enabled_languages":["de","en"],"languages":{"de":{"title":true,"content":true,"excerpt":true},"en":{"title":false,"content":false,"excerpt":false}}},"_links":{"self":[{"href":"https:\/\/skadi.de\/en\/wp-json\/wp\/v2\/posts\/7712","targetHints":{"allow":["GET"]}}],"collection":[{"href":"https:\/\/skadi.de\/en\/wp-json\/wp\/v2\/posts"}],"about":[{"href":"https:\/\/skadi.de\/en\/wp-json\/wp\/v2\/types\/post"}],"author":[{"embeddable":true,"href":"https:\/\/skadi.de\/en\/wp-json\/wp\/v2\/users\/7"}],"replies":[{"embeddable":true,"href":"https:\/\/skadi.de\/en\/wp-json\/wp\/v2\/comments?post=7712"}],"version-history":[{"count":4,"href":"https:\/\/skadi.de\/en\/wp-json\/wp\/v2\/posts\/7712\/revisions"}],"predecessor-version":[{"id":7794,"href":"https:\/\/skadi.de\/en\/wp-json\/wp\/v2\/posts\/7712\/revisions\/7794"}],"wp:featuredmedia":[{"embeddable":true,"href":"https:\/\/skadi.de\/en\/wp-json\/wp\/v2\/media\/7714"}],"wp:attachment":[{"href":"https:\/\/skadi.de\/en\/wp-json\/wp\/v2\/media?parent=7712"}],"wp:term":[{"taxonomy":"category","embeddable":true,"href":"https:\/\/skadi.de\/en\/wp-json\/wp\/v2\/categories?post=7712"},{"taxonomy":"post_tag","embeddable":true,"href":"https:\/\/skadi.de\/en\/wp-json\/wp\/v2\/tags?post=7712"}],"curies":[{"name":"wp","href":"https:\/\/api.w.org\/{rel}","templated":true}]}}