{"id":7028,"date":"2023-02-19T19:33:25","date_gmt":"2023-02-19T18:33:25","guid":{"rendered":"https:\/\/skadi.de\/?p=7028"},"modified":"2023-03-09T15:01:11","modified_gmt":"2023-03-09T14:01:11","slug":"grafikboerse_2023-3","status":"publish","type":"post","link":"https:\/\/skadi.de\/en\/grafikboerse_2023-3\/","title":{"rendered":"Die Deutsch-Niederl\u00e4ndische Grafikb\u00f6rse in Borken 2023 <br> <span style='color:grey;font-size:12px;'>3.-5. M\u00e4rz 2023<\/span>"},"content":{"rendered":"<h2>Die 35. Deutsch-Niederl\u00e4ndische Grafikb\u00f6rse in Borken 2023<\/h2>\n<h2><a style=\"font-size: 16px;\" href=\"https:\/\/www.grafikboerse.eu\/\" data-cke-saved-href=\"https:\/\/www.grafikboerse.eu\/\">www.grafikboerse.eu<\/a><\/h2>\n<p>Freitag 3.3. 16-20 Uhr<br \/>\nSa\/So 4.\/5.3. 11-17 Uhr<\/p>\n<div>\n<div><strong>Stadthalle Vennehof<\/strong><br \/>\nAm Vennehof 1<br \/>\n46325 Borken, Deutschland<\/div>\n<div>\n<p>Vom 3. bis 5. M\u00e4rz 2023 findet in der Stadthalle Vennehof in Borken die 35. Deutsch-Niederl\u00e4ndische Grafikb\u00f6rse statt, wie immer durchgef\u00fchrt als Kooperationsprojekt der Stadt Borken und des Kreises Borken.<\/p>\n<p>Ich bin pers\u00f6nlich dabei mit meinen Druckgrafiken. Als neue Arbeiten pr\u00e4sentiere ich die Siebdruckserie Badende 23 und die Holzdruckserie <a href=\"https:\/\/skadi.de\/grafik\/2022-2\/holzschnitt\/\">Giraffen im Berry aus 2022.\u00a0<\/a><\/p>\n<\/div>\n<div>Die Grafikb\u00f6rse l\u00e4dt zum Streifzug durch die grafische Kunst der beiden Nachbarl\u00e4nder ein. Seit 1988 hat sich die B\u00f6rse zu einem Marktplatz f\u00fcr Grafik in allen Stilrichtungen entwickelt. Neben aktuellen Arbeiten geh\u00f6ren auch alte Grafiken, Kunstb\u00fccher, Kataloge, Fotografie und Mixed Media zum Angebot. Kontakte und Austausch zwischen professionellen K\u00fcnstlern, Studenten, Autodidakten und einem begeisterten Publikum aus Deutschland und den Niederlanden bilden das besondere Profil der Grafikb\u00f6rse in Borken.<br \/>\nDer Eintritt ist frei!<\/div>\n<\/div>\n<p>&nbsp;<\/p>\n","protected":false},"excerpt":{"rendered":"<p>Die 35. Deutsch-Niederl\u00e4ndische Grafikb\u00f6rse in Borken 2023 www.grafikboerse.eu Freitag 3.3. 16-20 Uhr Sa\/So 4.\/5.3. 11-17 Uhr Stadthalle Vennehof Am Vennehof 1 46325 Borken, Deutschland Vom 3. bis 5. M\u00e4rz 2023 findet in der Stadthalle Vennehof in Borken die 35. Deutsch-Niederl\u00e4ndische Grafikb\u00f6rse statt, wie immer durchgef\u00fchrt&#8230;<\/p>\n","protected":false},"author":7,"featured_media":7029,"comment_status":"open","ping_status":"open","sticky":false,"template":"","format":"standard","meta":{"om_disable_all_campaigns":false,"_monsterinsights_skip_tracking":false,"_uf_show_specific_survey":0,"_uf_disable_surveys":false,"ngg_post_thumbnail":0,"footnotes":""},"categories":[105,416,70,431,295],"tags":[275,33],"class_list":["post-7028","post","type-post","status-publish","format-standard","has-post-thumbnail","hentry","category-aktuell","category-ausstellungen-2023","category-austellungen","category-newsletter","category-startseite","tag-druckgrafik","tag-gruppenausstellung"],"translation":{"provider":"WPGlobus","version":"3.0.2","language":"en","enabled_languages":["de","en"],"languages":{"de":{"title":true,"content":true,"excerpt":false},"en":{"title":false,"content":false,"excerpt":false}}},"_links":{"self":[{"href":"https:\/\/skadi.de\/en\/wp-json\/wp\/v2\/posts\/7028","targetHints":{"allow":["GET"]}}],"collection":[{"href":"https:\/\/skadi.de\/en\/wp-json\/wp\/v2\/posts"}],"about":[{"href":"https:\/\/skadi.de\/en\/wp-json\/wp\/v2\/types\/post"}],"author":[{"embeddable":true,"href":"https:\/\/skadi.de\/en\/wp-json\/wp\/v2\/users\/7"}],"replies":[{"embeddable":true,"href":"https:\/\/skadi.de\/en\/wp-json\/wp\/v2\/comments?post=7028"}],"version-history":[{"count":1,"href":"https:\/\/skadi.de\/en\/wp-json\/wp\/v2\/posts\/7028\/revisions"}],"predecessor-version":[{"id":7030,"href":"https:\/\/skadi.de\/en\/wp-json\/wp\/v2\/posts\/7028\/revisions\/7030"}],"wp:featuredmedia":[{"embeddable":true,"href":"https:\/\/skadi.de\/en\/wp-json\/wp\/v2\/media\/7029"}],"wp:attachment":[{"href":"https:\/\/skadi.de\/en\/wp-json\/wp\/v2\/media?parent=7028"}],"wp:term":[{"taxonomy":"category","embeddable":true,"href":"https:\/\/skadi.de\/en\/wp-json\/wp\/v2\/categories?post=7028"},{"taxonomy":"post_tag","embeddable":true,"href":"https:\/\/skadi.de\/en\/wp-json\/wp\/v2\/tags?post=7028"}],"curies":[{"name":"wp","href":"https:\/\/api.w.org\/{rel}","templated":true}]}}