{"id":689,"date":"2019-11-28T10:12:32","date_gmt":"2019-11-28T09:12:32","guid":{"rendered":"http:\/\/wordpress.p126162.webspaceconfig.de\/?p=689"},"modified":"2021-01-18T10:25:44","modified_gmt":"2021-01-18T09:25:44","slug":"hallo-welt-3-2-3-2","status":"publish","type":"post","link":"https:\/\/skadi.de\/en\/hallo-welt-3-2-3-2\/","title":{"rendered":"MUNICH ARTHOUSE <br> <span style='color:grey;font-size:12px;'>vom Do, 28.11. - So 01.12.2019<\/span>"},"content":{"rendered":"<p class=\"bodytext\"><b>MUNICH ARTHOUSE<\/b><\/p>\n<p class=\"bodytext\">vom Do, 28.11. &#8211; So 01.12.2019<\/p>\n<p class=\"bodytext\">im Lichthof der Nymphenburgerstr. 5<br \/>\n80335 M\u00fcnchen<\/p>\n<p>&nbsp;<\/p>\n<p class=\"bodytext\"><strong>Er\u00f6ffnung<\/strong><br \/>\nDonnerstag 28.11. 18-22 Uhr<\/p>\n<p class=\"bodytext\">\u00d6ffnungszeiten<br \/>\nFreitag\/Samstag 12-19 Uhr<br \/>\nSonntag 12-18 Uhr<\/p>\n<p>&nbsp;<\/p>\n<p class=\"bodytext\">Es pr\u00e4sentiert sich M\u00fcnchens gr\u00f6\u00dftes Kunstkaufhaus mit 45 K\u00fcnstlerInnen in der Vorweihnachtszeit im wundersch\u00f6nen Lichthof in der Nymphenburgerstra\u00dfe 5, direkt am Stiglmeyerplatz.<\/p>\n","protected":false},"excerpt":{"rendered":"<p>MUNICH ARTHOUSE vom Do, 28.11. &#8211; So 01.12.2019 im Lichthof der Nymphenburgerstr. 5 80335 M\u00fcnchen &nbsp; Er\u00f6ffnung Donnerstag 28.11. 18-22 Uhr \u00d6ffnungszeiten Freitag\/Samstag 12-19 Uhr Sonntag 12-18 Uhr &nbsp; Es pr\u00e4sentiert sich M\u00fcnchens gr\u00f6\u00dftes Kunstkaufhaus mit 45 K\u00fcnstlerInnen in der Vorweihnachtszeit im wundersch\u00f6nen Lichthof in&#8230;<\/p>\n","protected":false},"author":1,"featured_media":208,"comment_status":"open","ping_status":"open","sticky":false,"template":"","format":"standard","meta":{"om_disable_all_campaigns":false,"_monsterinsights_skip_tracking":false,"_uf_show_specific_survey":0,"_uf_disable_surveys":false,"ngg_post_thumbnail":0,"footnotes":""},"categories":[68],"tags":[33],"class_list":["post-689","post","type-post","status-publish","format-standard","has-post-thumbnail","hentry","category-ausstellung2019","tag-gruppenausstellung"],"translation":{"provider":"WPGlobus","version":"3.0.2","language":"en","enabled_languages":["de","en"],"languages":{"de":{"title":true,"content":true,"excerpt":false},"en":{"title":false,"content":false,"excerpt":false}}},"_links":{"self":[{"href":"https:\/\/skadi.de\/en\/wp-json\/wp\/v2\/posts\/689","targetHints":{"allow":["GET"]}}],"collection":[{"href":"https:\/\/skadi.de\/en\/wp-json\/wp\/v2\/posts"}],"about":[{"href":"https:\/\/skadi.de\/en\/wp-json\/wp\/v2\/types\/post"}],"author":[{"embeddable":true,"href":"https:\/\/skadi.de\/en\/wp-json\/wp\/v2\/users\/1"}],"replies":[{"embeddable":true,"href":"https:\/\/skadi.de\/en\/wp-json\/wp\/v2\/comments?post=689"}],"version-history":[{"count":1,"href":"https:\/\/skadi.de\/en\/wp-json\/wp\/v2\/posts\/689\/revisions"}],"predecessor-version":[{"id":690,"href":"https:\/\/skadi.de\/en\/wp-json\/wp\/v2\/posts\/689\/revisions\/690"}],"wp:featuredmedia":[{"embeddable":true,"href":"https:\/\/skadi.de\/en\/wp-json\/wp\/v2\/media\/208"}],"wp:attachment":[{"href":"https:\/\/skadi.de\/en\/wp-json\/wp\/v2\/media?parent=689"}],"wp:term":[{"taxonomy":"category","embeddable":true,"href":"https:\/\/skadi.de\/en\/wp-json\/wp\/v2\/categories?post=689"},{"taxonomy":"post_tag","embeddable":true,"href":"https:\/\/skadi.de\/en\/wp-json\/wp\/v2\/tags?post=689"}],"curies":[{"name":"wp","href":"https:\/\/api.w.org\/{rel}","templated":true}]}}