{"id":684,"date":"2020-02-28T10:07:42","date_gmt":"2020-02-28T09:07:42","guid":{"rendered":"http:\/\/wordpress.p126162.webspaceconfig.de\/?p=684"},"modified":"2021-01-18T10:08:08","modified_gmt":"2021-01-18T09:08:08","slug":"hallo-welt-3-2-2","status":"publish","type":"post","link":"https:\/\/skadi.de\/en\/hallo-welt-3-2-2\/","title":{"rendered":"Die Deutsch-Niederl\u00e4ndische Grafikb\u00f6rse in Borken <br> <span style='color:grey;font-size:12px;'>28.02, 29.02. 01.03.2020<\/span>"},"content":{"rendered":"<p>Stadthalle Vennehof, Borken<\/p>\n<p class=\"bodytext\">l\u00e4dt zum Streifzug durch die grafische Kunst der beiden Nachbarl\u00e4nder ein. Seit 1988 hat sich die B\u00f6rse zu einem Marktplatz f\u00fcr Grafik in allen Stilrichtungen entwickelt. Neben aktuellen Arbeiten geh\u00f6ren auch alte Grafiken, Kunstb\u00fccher, Kataloge, Fotografie und Mixed Media zum Angebot. Kontakte und Austausch zwischen professionellen K\u00fcnstlern, Studenten, Autodidakten und einem begeisterten Publikum aus Deutschland und den Niederlanden bilden das besondere Profil der Grafikb\u00f6rse in Borken.<br \/>\nDer Eintritt ist frei!<\/p>\n","protected":false},"excerpt":{"rendered":"<p>Stadthalle Vennehof, Borken l\u00e4dt zum Streifzug durch die grafische Kunst der beiden Nachbarl\u00e4nder ein. Seit 1988 hat sich die B\u00f6rse zu einem Marktplatz f\u00fcr Grafik in allen Stilrichtungen entwickelt. Neben aktuellen Arbeiten geh\u00f6ren auch alte Grafiken, Kunstb\u00fccher, Kataloge, Fotografie und Mixed Media zum Angebot. Kontakte&#8230;<\/p>\n","protected":false},"author":1,"featured_media":158,"comment_status":"open","ping_status":"open","sticky":false,"template":"","format":"standard","meta":{"om_disable_all_campaigns":false,"_monsterinsights_skip_tracking":false,"_uf_show_specific_survey":0,"_uf_disable_surveys":false,"ngg_post_thumbnail":0,"footnotes":""},"categories":[1],"tags":[33],"class_list":["post-684","post","type-post","status-publish","format-standard","has-post-thumbnail","hentry","category-ausstellung2020","tag-gruppenausstellung"],"translation":{"provider":"WPGlobus","version":"3.0.2","language":"en","enabled_languages":["de","en"],"languages":{"de":{"title":true,"content":true,"excerpt":false},"en":{"title":false,"content":false,"excerpt":false}}},"_links":{"self":[{"href":"https:\/\/skadi.de\/en\/wp-json\/wp\/v2\/posts\/684","targetHints":{"allow":["GET"]}}],"collection":[{"href":"https:\/\/skadi.de\/en\/wp-json\/wp\/v2\/posts"}],"about":[{"href":"https:\/\/skadi.de\/en\/wp-json\/wp\/v2\/types\/post"}],"author":[{"embeddable":true,"href":"https:\/\/skadi.de\/en\/wp-json\/wp\/v2\/users\/1"}],"replies":[{"embeddable":true,"href":"https:\/\/skadi.de\/en\/wp-json\/wp\/v2\/comments?post=684"}],"version-history":[{"count":2,"href":"https:\/\/skadi.de\/en\/wp-json\/wp\/v2\/posts\/684\/revisions"}],"predecessor-version":[{"id":686,"href":"https:\/\/skadi.de\/en\/wp-json\/wp\/v2\/posts\/684\/revisions\/686"}],"wp:featuredmedia":[{"embeddable":true,"href":"https:\/\/skadi.de\/en\/wp-json\/wp\/v2\/media\/158"}],"wp:attachment":[{"href":"https:\/\/skadi.de\/en\/wp-json\/wp\/v2\/media?parent=684"}],"wp:term":[{"taxonomy":"category","embeddable":true,"href":"https:\/\/skadi.de\/en\/wp-json\/wp\/v2\/categories?post=684"},{"taxonomy":"post_tag","embeddable":true,"href":"https:\/\/skadi.de\/en\/wp-json\/wp\/v2\/tags?post=684"}],"curies":[{"name":"wp","href":"https:\/\/api.w.org\/{rel}","templated":true}]}}