{"id":6555,"date":"2022-04-19T16:26:39","date_gmt":"2022-04-19T14:26:39","guid":{"rendered":"https:\/\/skadi.de\/?p=6555"},"modified":"2022-05-16T16:19:18","modified_gmt":"2022-05-16T14:19:18","slug":"1-kunstsalon-am-berg-im-tal-2-2-2","status":"publish","type":"post","link":"https:\/\/skadi.de\/en\/1-kunstsalon-am-berg-im-tal-2-2-2\/","title":{"rendered":"Artspring 2022 \/ 10. Kunstsalon am Wei\u00dfen See <br> <span style='color:grey;font-size:12px;'>3.-12.Juni.2022<\/span>"},"content":{"rendered":"<p><em><strong>Malerei von Karin Grote \u2028<\/strong><\/em><br \/>\n<em><strong>Druckgrafik von Skadi Engeln \u2028<\/strong><\/em><br \/>\n<em><strong>Porzellan von Ella von Berg<\/strong><\/em><\/p>\n<p>&nbsp;<\/p>\n<p><em><strong>Er\u00f6ffnung: Freitag 3.Juni 18-22 Uhr<\/strong><\/em><\/p>\n<p><em><strong>\u00d6ffnungszeiten<br \/>\n<\/strong><\/em>w\u00e4hrend des <a href=\"https:\/\/www.artspring.berlin\/?mc_cid=7254a77ac9&amp;mc_eid=UNIQID\">ARTSPRING<\/a>-Wochenendes<br \/>\n<strong><em>Samstag, 11.Juni 12 &#8211; 20 Uhr<br \/>\nSonntag 12. Juni 12 &#8211; 20 Uhr<br \/>\n<\/em><\/strong>und nach Vereinbarung<\/p>\n<p><em><strong>Ateliers: Ella von Berg &#8211; Porzellan und Karin Grote \u2013 Malerei\/Grafik\u2028<\/strong><\/em><br \/>\n<em><strong>Gro\u00dfe Seestra\u00dfe 17 &#8211; 13086 Berlin &#8211; Wei\u00dfensee\u00a0<\/strong><\/em><br \/>\n<a class=\"_ps2id\" href=\"https:\/\/www.kunstsalon.berlin\/\" data-ps2id-offset=\"\">Kunstsalon.berlin<br \/>\n<\/a>kunstsalon-am-weissensee@gmx.de<\/p>\n<p>&nbsp;<\/p>\n<p><em><strong>Karin Grote \u2013 Malerei und Grafik<\/strong><\/em><\/p>\n<p>Karin Grote zeigt zum diesj\u00e4hrigen artspring-Festival das seit Jahrtausenden<br \/>\nbeliebte Motiv der Badenden.<br \/>\nMit Pinsel und Tusche in spontanen, dynamischen Linien, einem emotionalen Impuls folgend, bringt sie die Sinnlichkeit dieses Motives zum Ausdruck.<br \/>\nKarin Grote studierte Kunst und Design in Hannover mit dem Schwerpunkt experimentelle Kalligrafie und Radierung. Auch in ihren aktuellen Arbeiten formen oft kalligrafische Zeichen und Schw\u00fcnge ihre Motive.<\/p>\n<p><a href=\"https:\/\/www.karingrote.de\/\">www.karingrote.de<\/a><\/p>\n<p>&nbsp;<\/p>\n<p><em><strong>Skadi Engeln \u2013 Malerei und Grafik<\/strong><\/em><\/p>\n<p>Skadi Engeln stellt ihre aktuellen Holzdrucke vor, die sie im Sommer und Herbst 2022 geschnitten und gedruckt hat. Die Arbeiten f\u00fchren ihre bereits malerisch seit dem ersten Lockdown begonnene Auseinandersetzung mit den \u201eTrampolinkindern\u201c fort. Vor einer f\u00fcnfteiligen von Wildtieren bewohnten Landschaft springen Kinder in die H\u00f6he, die sie angesichts der immer enger werdenden Welt gewinnen m\u00fcssen, um eine Zukunft zu sehen. Sie variiert ihre Holzdrucke vielfarbig zu komplex aufgebaute Arbeiten.<br \/>\nSkadi Engeln studierte an der FH Ottersberg, Bildhauerei bei Robert van de Laar, Malerei bei Michael Kohr und Hermanus Westendorp und lebt und arbeitet in Berlin und in Frankreich.<\/p>\n<p><a href=\"https:\/\/skadi.de\/\">www.skadi.de<\/a><\/p>\n<p>&nbsp;<\/p>\n<p><em><strong>Ella von Berg PORZELLAN<\/strong><\/em><\/p>\n<p>Die Schalen von Ella von Berg sind sanft in Bewegung und zentrieren sich immer wieder \u2028um ihre Mitte. So klappt es, auf einem winzigen Punkt zu stehen. Und das ganz entspannt. \u2028Zum Teetrinken unbedingt geeignet!<br \/>\nElla von Berg besch\u00e4ftigt sich seit ihrer Lehre in Mei\u00dfen und Kahla mit dem Werkstoff Porzellan. Nach ihrem Studium der Bildhauerei schuf sie aber auch gro\u00dfformatige Metall-skulpturen und entwarf M\u00f6bel. Ganz im bildhauerischen Sinn ist f\u00fcr Ella von Berg auch eine Kanne oder eine Schale ein Objekt, welches aus allen Blickwinkeln gesehen werden kann, ohne die \u00c4sthetik der Form zu verlassen.<\/p>\n<p><a href=\"https:\/\/www.ellavonberg.de\/\">\u2028www.ellavonberg.de<\/a><\/p>\n<p>&nbsp;<\/p>\n","protected":false},"excerpt":{"rendered":"<p>Malerei von Karin Grote \u2028 Druckgrafik von Skadi Engeln \u2028 Porzellan von Ella von Berg &nbsp; Er\u00f6ffnung: Freitag 3.Juni 18-22 Uhr \u00d6ffnungszeiten w\u00e4hrend des ARTSPRING-Wochenendes Samstag, 11.Juni 12 &#8211; 20 Uhr Sonntag 12. Juni 12 &#8211; 20 Uhr und nach Vereinbarung Ateliers: Ella von Berg&#8230;<\/p>\n","protected":false},"author":7,"featured_media":6556,"comment_status":"open","ping_status":"open","sticky":false,"template":"","format":"standard","meta":{"om_disable_all_campaigns":false,"_monsterinsights_skip_tracking":false,"_uf_show_specific_survey":0,"_uf_disable_surveys":false,"ngg_post_thumbnail":0,"footnotes":""},"categories":[105,70,294,295],"tags":[275,33,360,363,364],"class_list":["post-6555","post","type-post","status-publish","format-standard","has-post-thumbnail","hentry","category-aktuell","category-austellungen","category-austellungen-2022","category-startseite","tag-druckgrafik","tag-gruppenausstellung","tag-kunstsalon","tag-porzellan","tag-tuschzeichnung"],"translation":{"provider":"WPGlobus","version":"3.0.2","language":"en","enabled_languages":["de","en"],"languages":{"de":{"title":true,"content":true,"excerpt":false},"en":{"title":false,"content":false,"excerpt":false}}},"_links":{"self":[{"href":"https:\/\/skadi.de\/en\/wp-json\/wp\/v2\/posts\/6555","targetHints":{"allow":["GET"]}}],"collection":[{"href":"https:\/\/skadi.de\/en\/wp-json\/wp\/v2\/posts"}],"about":[{"href":"https:\/\/skadi.de\/en\/wp-json\/wp\/v2\/types\/post"}],"author":[{"embeddable":true,"href":"https:\/\/skadi.de\/en\/wp-json\/wp\/v2\/users\/7"}],"replies":[{"embeddable":true,"href":"https:\/\/skadi.de\/en\/wp-json\/wp\/v2\/comments?post=6555"}],"version-history":[{"count":2,"href":"https:\/\/skadi.de\/en\/wp-json\/wp\/v2\/posts\/6555\/revisions"}],"predecessor-version":[{"id":6747,"href":"https:\/\/skadi.de\/en\/wp-json\/wp\/v2\/posts\/6555\/revisions\/6747"}],"wp:featuredmedia":[{"embeddable":true,"href":"https:\/\/skadi.de\/en\/wp-json\/wp\/v2\/media\/6556"}],"wp:attachment":[{"href":"https:\/\/skadi.de\/en\/wp-json\/wp\/v2\/media?parent=6555"}],"wp:term":[{"taxonomy":"category","embeddable":true,"href":"https:\/\/skadi.de\/en\/wp-json\/wp\/v2\/categories?post=6555"},{"taxonomy":"post_tag","embeddable":true,"href":"https:\/\/skadi.de\/en\/wp-json\/wp\/v2\/tags?post=6555"}],"curies":[{"name":"wp","href":"https:\/\/api.w.org\/{rel}","templated":true}]}}