{"id":11026,"date":"2026-01-06T18:00:40","date_gmt":"2026-01-06T17:00:40","guid":{"rendered":"https:\/\/skadi.de\/?p=11026"},"modified":"2026-03-28T11:56:35","modified_gmt":"2026-03-28T10:56:35","slug":"gmuender-kunstmesse-2026","status":"publish","type":"post","link":"https:\/\/skadi.de\/en\/gmuender-kunstmesse-2026\/","title":{"rendered":"Gm\u00fcnder Kunstmesse 2026 <br> <span style='color:grey;font-size:12px;'>Freitag 20.-22.3.26 im Prediger<\/span>"},"content":{"rendered":"<h2>Kunstmesse 2026<\/h2>\n<p><em><strong style=\"font-family: arial, sans-serif;\"><b style=\"font-family: Georgia, 'Times New Roman', 'Bitstream Charter', Times, serif;\">20.-22.03.2026 &#8211;<\/b><br \/>\n<\/strong><\/em><\/p>\n<p><em><strong style=\"font-family: arial, sans-serif;\">\u00d6ffnungszeiten der Messe:<br \/>\n\u2022 Freitag, 20.03.2026 \u00b7 18.00 \u2013 22.00 Uhr<br \/>\n\u2022 Samstag, 21.03.2026 \u00b7 11.00 \u2013 22.00 Uhr<br \/>\n\u2022 Sonntag, 22.03.2026 \u00b7 11.00 \u2013 17.00 Uhr: <\/strong><\/em><\/p>\n<div class=\"vc_empty_space\">\n<div class=\"vc_empty_space\"><b><i>im Prediger<br \/>\n<\/i><\/b><em><strong>Johannispl. 3<br \/>\n<\/strong><\/em><em><strong>73525 Schw\u00e4bisch Gm\u00fcnd<\/strong><\/em><\/div>\n<\/div>\n<div><a href=\"http:\/\/www.gmuender-kunstverein.de\">www.gmuender-kunstverein.de<\/a><\/div>\n<div>\n<p>Eintritt frei<\/p>\n<p class=\"p1\">Der Gm\u00fcnder Kunstverein veranstaltet in Kooperation mit dem Kulturb\u00fcro der Stadt Schw\u00e4bisch Gm\u00fcnd im zweij\u00e4hrigen Turnus eine Verkaufsmesse f\u00fcr zeitgen\u00f6ssische Kunst im Kulturzentrum Prediger.<br \/>\nDie Pr\u00e4sentation erstreckt sich \u00fcber den gesamten Innenhof, das Refektorium, die Empore und den Festsaal und wird durch dezente musikalische Darbietungen begleitet.<\/p>\n<p class=\"p1\">Aus zahlreichen regionalen und \u00fcberregionalen Bewerbungen wurden \u00fcber 40 Kunstschaffende von einer Jury ausgew\u00e4hlt, ihre aktuellen Arbeiten zu pr\u00e4sentieren. Neben Teilnehmerinnen und Teilnehmern aus den vergangenen Jahren sind auch neue Positionen sowie lange nicht vertretene Kunstschaffende zu sehen.<br \/>\nWie bei den bisherigen Kunstmessen wurde auf eine gro\u00dfe Bandbreite k\u00fcnstlerischer Ausdrucksformen und Stile geachtet.<\/p>\n<p class=\"p1\"><em><strong>Feierliche Er\u00f6ffnung der Kunstmesse am Freitag 20. M\u00e4rz um 20 Uhr<\/strong><\/em><br \/>\n<em><strong>Richard Arnold Oberb\u00fcrgermeister<\/strong><\/em><br \/>\n<em><strong>Einf\u00fchrung Bettina Burchard stellvertr. Vorsitzende Gm\u00fcnder Kunstverein<\/strong><\/em><br \/>\n<em><strong>Musik Axel Nagel S\u00e4nger und Songwriter<\/strong><\/em><\/p>\n<p class=\"p1\">&nbsp;<\/p>\n<\/div>\n","protected":false},"excerpt":{"rendered":"<p>Kunstmesse im Prediger \/ Schw\u00e4bisch Gm\u00fcnd<\/p>\n<p>\u2022 Freitag, 20.03.2026 \u00b7 18.00 \u2013 22.00 Uhr<br \/>\n\u2022 Samstag, 21.03.2026 \u00b7 11.00 \u2013 22.00 Uhr<br \/>\n\u2022 Sonntag, 22.03.2026 \u00b7 11.00 \u2013 17.00 Uhr:<\/p>\n<p>im Prediger<br \/>\nJohannispl. 3<br \/>\n73525 Schw\u00e4bisch Gm\u00fcnd<\/p>\n","protected":false},"author":7,"featured_media":11027,"comment_status":"closed","ping_status":"closed","sticky":false,"template":"","format":"standard","meta":{"om_disable_all_campaigns":false,"_monsterinsights_skip_tracking":false,"_uf_show_specific_survey":0,"_uf_disable_surveys":false,"ngg_post_thumbnail":0,"footnotes":""},"categories":[105,544,70,445,431,295],"tags":[275,33,462],"class_list":["post-11026","post","type-post","status-publish","format-standard","has-post-thumbnail","hentry","category-aktuell","category-ausstellungen-2026","category-austellungen","category-blog","category-newsletter","category-startseite","tag-druckgrafik","tag-gruppenausstellung","tag-malerei"],"translation":{"provider":"WPGlobus","version":"3.0.2","language":"en","enabled_languages":["de","en"],"languages":{"de":{"title":true,"content":true,"excerpt":true},"en":{"title":false,"content":false,"excerpt":false}}},"_links":{"self":[{"href":"https:\/\/skadi.de\/en\/wp-json\/wp\/v2\/posts\/11026","targetHints":{"allow":["GET"]}}],"collection":[{"href":"https:\/\/skadi.de\/en\/wp-json\/wp\/v2\/posts"}],"about":[{"href":"https:\/\/skadi.de\/en\/wp-json\/wp\/v2\/types\/post"}],"author":[{"embeddable":true,"href":"https:\/\/skadi.de\/en\/wp-json\/wp\/v2\/users\/7"}],"replies":[{"embeddable":true,"href":"https:\/\/skadi.de\/en\/wp-json\/wp\/v2\/comments?post=11026"}],"version-history":[{"count":5,"href":"https:\/\/skadi.de\/en\/wp-json\/wp\/v2\/posts\/11026\/revisions"}],"predecessor-version":[{"id":11186,"href":"https:\/\/skadi.de\/en\/wp-json\/wp\/v2\/posts\/11026\/revisions\/11186"}],"wp:featuredmedia":[{"embeddable":true,"href":"https:\/\/skadi.de\/en\/wp-json\/wp\/v2\/media\/11027"}],"wp:attachment":[{"href":"https:\/\/skadi.de\/en\/wp-json\/wp\/v2\/media?parent=11026"}],"wp:term":[{"taxonomy":"category","embeddable":true,"href":"https:\/\/skadi.de\/en\/wp-json\/wp\/v2\/categories?post=11026"},{"taxonomy":"post_tag","embeddable":true,"href":"https:\/\/skadi.de\/en\/wp-json\/wp\/v2\/tags?post=11026"}],"curies":[{"name":"wp","href":"https:\/\/api.w.org\/{rel}","templated":true}]}}